{"id":1199,"date":"2022-09-15T09:55:21","date_gmt":"2022-09-15T07:55:21","guid":{"rendered":"https:\/\/www.midea.es\/blog\/?p=1199"},"modified":"2025-07-10T10:11:28","modified_gmt":"2025-07-10T08:11:28","slug":"si-te-acabas-de-comprar-un-frigorifico-no-te-puedes-perder-nuestros-tips-de-puesta-en-marcha","status":"publish","type":"post","link":"https:\/\/www.midea.es\/blog\/si-te-acabas-de-comprar-un-frigorifico-no-te-puedes-perder-nuestros-tips-de-puesta-en-marcha\/","title":{"rendered":"Si te acabas de comprar un frigor\u00edfico, \u00a1no te puedes perder nuestros tips de puesta en marcha!"},"content":{"rendered":"<p>Si acabas de comprarte un frigor\u00edfico, no te puedes perder nuestro art\u00edculo de hoy. En nuestro blog te contamos todo lo que tienes que saber tras la recepci\u00f3n de tu nueva nevera para poder sacarle el m\u00e1ximo partido desde el primer momento y, \u00a1no llevarte ning\u00fan susto!<\/p>\n<p><strong>Antes de nada, \u00bfya has elegido la ubicaci\u00f3n del nuevo miembro de la familia?<\/strong><\/p>\n<p>Seguramente s\u00ed, pero por si las moscas, te dejamos algunos tips a tener en cuenta:<\/p>\n<ul>\n<li>Siempre debe estar alejado de las zonas calurosas de tu hogar como, por ejemplo, los fogones o la placa de inducci\u00f3n, as\u00ed como de las ventanas. Recordemos que a mayor temperatura de la estancia m\u00e1s tendr\u00e1 que trabajar la nevera para mantener la temperatura deseada y, consecuentemente, mayor desgaste de la m\u00e1quina.<\/li>\n<li>Debe ubicarse sobre suelo firme, nunca encima de plataformas o desniveles.<\/li>\n<li>Aseg\u00farate de que tenga suficiente ventilaci\u00f3n, dado que es un factor clave para que el frigor\u00edfico pueda proporcionar corrientes de aire fresco y congelado a su interior. Para ello, deber\u00e1 cumplir con las distancias recomendadas por el fabricante respecto la pared, as\u00ed como por los lados y por su parte superior. En caso de no cumplir con dicho margen para que el electrodom\u00e9stico pueda ventilarse, el aire caliente puede llegar a acumularse y a afectar negativamente a su eficiencia.<\/li>\n<li>Y, por \u00faltimo, dado que es un electrodom\u00e9stico muy grande, lo m\u00e1s recomendable, para evitar que haga sombras, es colocarlo en los extremos de la cocina.<\/li>\n<\/ul>\n<p>Dicho esto, pasamos a repasar los pasos a seguir para poder disfrutar de vuestra nueva nevera lo antes posible:<\/p>\n<p><strong>\u00bfCu\u00e1ndo puedo encender mi nevera nueva?<\/strong><\/p>\n<p>Si tu frigor\u00edfico te acaba de llegar, olv\u00eddate de enchufarlo. La raz\u00f3n principal es que una nevera lleva dentro de si diversos gases y l\u00edquidos, responsables de que pueda enfriar, y en el trayecto de la tienda a tu hogar, han estado en movimiento. Consecuentemente, es mejor dejarlos reposar un rato para que se estabilicen.<\/p>\n<p>Recomendaci\u00f3n: unas<strong> 3 horas.<\/strong><\/p>\n<p><strong>Aprovecha la espera, \u00a1para poner a punto tu frigor\u00edfico!<\/strong><\/p>\n<p>La limpieza de nuestra nevera debe hacerse cuando a\u00fan est\u00e1 apagada, para evitar cualquier problema. Aunque est\u00e9 sin estrenar, antes de introducir nuestros alimentos siempre ser\u00e1 mejor darle un buen repaso.<\/p>\n<p>Para facilitar la limpieza, te recomendamos quitar todas aquellas partes desmontables como las baldas. A continuaci\u00f3n, moja un pa\u00f1o en agua y jab\u00f3n neutro, de esta forma eliminaremos toda aquella suciedad superficial. El siguiente paso ser\u00eda la desinfecci\u00f3n y eliminaci\u00f3n de microorganismos. Para ello podemos optar por hacer uso de productos qu\u00edmicos espec\u00edficos o por una soluci\u00f3n casera como es el vinagre, el lim\u00f3n o el bicarbonato, que gracias a su acidez son un desinfectante natural.<\/p>\n<p>Despu\u00e9s tocar\u00e1 dejar la puerta abierta de tu electrodom\u00e9stico para que se vaya la humedad. En caso de querer reducir tiempos, puedes secar su interior con un papel de cocina.<\/p>\n<p>Por \u00faltimo, y no menos importante, \u00a1la parte exterior! Justamente es la que deber\u00edamos limpiar m\u00e1s a menudo y, en especial, las asas de apertura.<\/p>\n<p><strong>\u00bfCu\u00e1l es la temperatura ideal de la nevera una vez enchufada?<\/strong><\/p>\n<p>Nuestra recomendaci\u00f3n es <strong>a 4\u00baC el frigor\u00edfico y a -18\u00baC el congelador<\/strong>. Asimismo, dado que la temperatura exterior influye directamente en la capacidad de enfriamiento de nuestra nevera, los nuevos modelos, como los de Midea, cuentan con sistemas integrados de regulaci\u00f3n de la temperatura, con lo que el propio electrodom\u00e9stico se reajusta solo.<\/p>\n<p><strong>\u00bfCu\u00e1nto tiempo debo esperar para introducir los alimentos?<\/strong><\/p>\n<p>Una vez enchufado tu frigor\u00edfico, es recomendable dejar que se estabilice durante una noche entera o 6 horas, antes de almacenar tus alimentos. El tiempo necesario para que la nevera llegue a la temperatura de enfriamiento id\u00f3nea depender\u00e1 de:<\/p>\n<ul>\n<li>Tipo de frigor\u00edfico: combi, dos puertas, americano\u2026<\/li>\n<li>De la temperatura de la cocina: cuanto m\u00e1s calor haga en la estancia m\u00e1s tardar\u00e1 en enfriarse. Antes de ubicar tu nuevo electrodom\u00e9stico es importante tener presente que, si lo pones en una habitaci\u00f3n muy calurosa, puede estropearse antes de tiempo.<\/li>\n<li>No abrir las puertas durante este proceso para que sea m\u00e1s r\u00e1pido.<\/li>\n<\/ul>\n<p><strong>Dicho esto, \u00a1a disfrutar de tu nueva nevera!<\/strong><\/p>\n","protected":false},"excerpt":{"rendered":"<p>Si acabas de comprarte un frigor\u00edfico, no te puedes perder nuestro art\u00edculo de hoy. En nuestro blog te contamos todo lo que tienes que saber tras la recepci\u00f3n de tu nueva nevera para poder sacarle el m\u00e1ximo partido desde el primer momento y, \u00a1no llevarte ning\u00fan susto! Antes de nada, \u00bfya has elegido la ubicaci\u00f3n [&hellip;]<\/p>\n","protected":false},"author":3,"featured_media":1202,"comment_status":"open","ping_status":"open","sticky":false,"template":"","format":"standard","meta":[],"categories":[13,29],"tags":[36,41,19,49,42],"acf":[],"yoast_head":"<!-- This site is optimized with the Yoast SEO plugin v19.13 - https:\/\/yoast.com\/wordpress\/plugins\/seo\/ -->\n<title>Si te acabas de comprar un frigor\u00edfico, \u00a1no te puedes perder nuestros tips de puesta en marcha! - Ideas Midea<\/title>\n<meta name=\"description\" content=\"Si acabas de comprarte un frigor\u00edfico, no te puedes perder nuestro art\u00edculo de hoy. En nuestro blog te contamos todo lo que tienes que saber tras la\" \/>\n<meta name=\"robots\" content=\"index, follow, max-snippet:-1, max-image-preview:large, max-video-preview:-1\" \/>\n<link rel=\"canonical\" href=\"https:\/\/www.midea.es\/blog\/si-te-acabas-de-comprar-un-frigorifico-no-te-puedes-perder-nuestros-tips-de-puesta-en-marcha\/\" \/>\n<meta property=\"og:locale\" content=\"es_ES\" \/>\n<meta property=\"og:type\" content=\"article\" \/>\n<meta property=\"og:title\" content=\"Si te acabas de comprar un frigor\u00edfico, \u00a1no te puedes perder nuestros tips de puesta en marcha! - Ideas Midea\" \/>\n<meta property=\"og:description\" content=\"Si acabas de comprarte un frigor\u00edfico, no te puedes perder nuestro art\u00edculo de hoy. En nuestro blog te contamos todo lo que tienes que saber tras la\" \/>\n<meta property=\"og:url\" content=\"https:\/\/www.midea.es\/blog\/si-te-acabas-de-comprar-un-frigorifico-no-te-puedes-perder-nuestros-tips-de-puesta-en-marcha\/\" \/>\n<meta property=\"og:site_name\" content=\"Ideas Midea\" \/>\n<meta property=\"article:published_time\" content=\"2022-09-15T07:55:21+00:00\" \/>\n<meta property=\"article:modified_time\" content=\"2025-07-10T08:11:28+00:00\" \/>\n<meta property=\"og:image\" content=\"https:\/\/www.midea.es\/blog\/wp-content\/uploads\/2022\/09\/Frigorifico-Midea-Frigicoll.png\" \/>\n\t<meta property=\"og:image:width\" content=\"810\" \/>\n\t<meta property=\"og:image:height\" content=\"541\" \/>\n\t<meta property=\"og:image:type\" content=\"image\/png\" \/>\n<meta name=\"author\" content=\"alexandra.sans\" \/>\n<meta name=\"twitter:card\" content=\"summary_large_image\" \/>\n<meta name=\"twitter:label1\" content=\"Escrito por\" \/>\n\t<meta name=\"twitter:data1\" content=\"alexandra.sans\" \/>\n\t<meta name=\"twitter:label2\" content=\"Tiempo de lectura\" \/>\n\t<meta name=\"twitter:data2\" content=\"4 minutos\" \/>\n<script type=\"application\/ld+json\" class=\"yoast-schema-graph\">{\"@context\":\"https:\/\/schema.org\",\"@graph\":[{\"@type\":\"WebPage\",\"@id\":\"https:\/\/www.midea.es\/blog\/si-te-acabas-de-comprar-un-frigorifico-no-te-puedes-perder-nuestros-tips-de-puesta-en-marcha\/\",\"url\":\"https:\/\/www.midea.es\/blog\/si-te-acabas-de-comprar-un-frigorifico-no-te-puedes-perder-nuestros-tips-de-puesta-en-marcha\/\",\"name\":\"Si te acabas de comprar un frigor\u00edfico, \u00a1no te puedes perder nuestros tips de puesta en marcha! - Ideas Midea\",\"isPartOf\":{\"@id\":\"https:\/\/www.midea.es\/blog\/#website\"},\"datePublished\":\"2022-09-15T07:55:21+00:00\",\"dateModified\":\"2025-07-10T08:11:28+00:00\",\"author\":{\"@id\":\"https:\/\/www.midea.es\/blog\/#\/schema\/person\/8e4663858d80d3818ec0ed24e3927396\"},\"description\":\"Si acabas de comprarte un frigor\u00edfico, no te puedes perder nuestro art\u00edculo de hoy. En nuestro blog te contamos todo lo que tienes que saber tras la\",\"breadcrumb\":{\"@id\":\"https:\/\/www.midea.es\/blog\/si-te-acabas-de-comprar-un-frigorifico-no-te-puedes-perder-nuestros-tips-de-puesta-en-marcha\/#breadcrumb\"},\"inLanguage\":\"es\",\"potentialAction\":[{\"@type\":\"ReadAction\",\"target\":[\"https:\/\/www.midea.es\/blog\/si-te-acabas-de-comprar-un-frigorifico-no-te-puedes-perder-nuestros-tips-de-puesta-en-marcha\/\"]}]},{\"@type\":\"BreadcrumbList\",\"@id\":\"https:\/\/www.midea.es\/blog\/si-te-acabas-de-comprar-un-frigorifico-no-te-puedes-perder-nuestros-tips-de-puesta-en-marcha\/#breadcrumb\",\"itemListElement\":[{\"@type\":\"ListItem\",\"position\":1,\"name\":\"Portada\",\"item\":\"https:\/\/www.midea.es\/blog\/\"},{\"@type\":\"ListItem\",\"position\":2,\"name\":\"Si te acabas de comprar un frigor\u00edfico, \u00a1no te puedes perder nuestros tips de puesta en marcha!\"}]},{\"@type\":\"WebSite\",\"@id\":\"https:\/\/www.midea.es\/blog\/#website\",\"url\":\"https:\/\/www.midea.es\/blog\/\",\"name\":\"Ideas Midea\",\"description\":\"Tratamiento de aire\",\"potentialAction\":[{\"@type\":\"SearchAction\",\"target\":{\"@type\":\"EntryPoint\",\"urlTemplate\":\"https:\/\/www.midea.es\/blog\/?s={search_term_string}\"},\"query-input\":\"required name=search_term_string\"}],\"inLanguage\":\"es\"},{\"@type\":\"Person\",\"@id\":\"https:\/\/www.midea.es\/blog\/#\/schema\/person\/8e4663858d80d3818ec0ed24e3927396\",\"name\":\"alexandra.sans\",\"image\":{\"@type\":\"ImageObject\",\"inLanguage\":\"es\",\"@id\":\"https:\/\/www.midea.es\/blog\/#\/schema\/person\/image\/\",\"url\":\"https:\/\/secure.gravatar.com\/avatar\/62b5f042b698902bf691cfabc2ebadb8?s=96&d=mm&r=g\",\"contentUrl\":\"https:\/\/secure.gravatar.com\/avatar\/62b5f042b698902bf691cfabc2ebadb8?s=96&d=mm&r=g\",\"caption\":\"alexandra.sans\"}}]}<\/script>\n<!-- \/ Yoast SEO plugin. -->","yoast_head_json":{"title":"Si te acabas de comprar un frigor\u00edfico, \u00a1no te puedes perder nuestros tips de puesta en marcha! - Ideas Midea","description":"Si acabas de comprarte un frigor\u00edfico, no te puedes perder nuestro art\u00edculo de hoy. En nuestro blog te contamos todo lo que tienes que saber tras la","robots":{"index":"index","follow":"follow","max-snippet":"max-snippet:-1","max-image-preview":"max-image-preview:large","max-video-preview":"max-video-preview:-1"},"canonical":"https:\/\/www.midea.es\/blog\/si-te-acabas-de-comprar-un-frigorifico-no-te-puedes-perder-nuestros-tips-de-puesta-en-marcha\/","og_locale":"es_ES","og_type":"article","og_title":"Si te acabas de comprar un frigor\u00edfico, \u00a1no te puedes perder nuestros tips de puesta en marcha! - Ideas Midea","og_description":"Si acabas de comprarte un frigor\u00edfico, no te puedes perder nuestro art\u00edculo de hoy. En nuestro blog te contamos todo lo que tienes que saber tras la","og_url":"https:\/\/www.midea.es\/blog\/si-te-acabas-de-comprar-un-frigorifico-no-te-puedes-perder-nuestros-tips-de-puesta-en-marcha\/","og_site_name":"Ideas Midea","article_published_time":"2022-09-15T07:55:21+00:00","article_modified_time":"2025-07-10T08:11:28+00:00","og_image":[{"width":810,"height":541,"url":"https:\/\/www.midea.es\/blog\/wp-content\/uploads\/2022\/09\/Frigorifico-Midea-Frigicoll.png","type":"image\/png"}],"author":"alexandra.sans","twitter_card":"summary_large_image","twitter_misc":{"Escrito por":"alexandra.sans","Tiempo de lectura":"4 minutos"},"schema":{"@context":"https:\/\/schema.org","@graph":[{"@type":"WebPage","@id":"https:\/\/www.midea.es\/blog\/si-te-acabas-de-comprar-un-frigorifico-no-te-puedes-perder-nuestros-tips-de-puesta-en-marcha\/","url":"https:\/\/www.midea.es\/blog\/si-te-acabas-de-comprar-un-frigorifico-no-te-puedes-perder-nuestros-tips-de-puesta-en-marcha\/","name":"Si te acabas de comprar un frigor\u00edfico, \u00a1no te puedes perder nuestros tips de puesta en marcha! - Ideas Midea","isPartOf":{"@id":"https:\/\/www.midea.es\/blog\/#website"},"datePublished":"2022-09-15T07:55:21+00:00","dateModified":"2025-07-10T08:11:28+00:00","author":{"@id":"https:\/\/www.midea.es\/blog\/#\/schema\/person\/8e4663858d80d3818ec0ed24e3927396"},"description":"Si acabas de comprarte un frigor\u00edfico, no te puedes perder nuestro art\u00edculo de hoy. En nuestro blog te contamos todo lo que tienes que saber tras la","breadcrumb":{"@id":"https:\/\/www.midea.es\/blog\/si-te-acabas-de-comprar-un-frigorifico-no-te-puedes-perder-nuestros-tips-de-puesta-en-marcha\/#breadcrumb"},"inLanguage":"es","potentialAction":[{"@type":"ReadAction","target":["https:\/\/www.midea.es\/blog\/si-te-acabas-de-comprar-un-frigorifico-no-te-puedes-perder-nuestros-tips-de-puesta-en-marcha\/"]}]},{"@type":"BreadcrumbList","@id":"https:\/\/www.midea.es\/blog\/si-te-acabas-de-comprar-un-frigorifico-no-te-puedes-perder-nuestros-tips-de-puesta-en-marcha\/#breadcrumb","itemListElement":[{"@type":"ListItem","position":1,"name":"Portada","item":"https:\/\/www.midea.es\/blog\/"},{"@type":"ListItem","position":2,"name":"Si te acabas de comprar un frigor\u00edfico, \u00a1no te puedes perder nuestros tips de puesta en marcha!"}]},{"@type":"WebSite","@id":"https:\/\/www.midea.es\/blog\/#website","url":"https:\/\/www.midea.es\/blog\/","name":"Ideas Midea","description":"Tratamiento de aire","potentialAction":[{"@type":"SearchAction","target":{"@type":"EntryPoint","urlTemplate":"https:\/\/www.midea.es\/blog\/?s={search_term_string}"},"query-input":"required name=search_term_string"}],"inLanguage":"es"},{"@type":"Person","@id":"https:\/\/www.midea.es\/blog\/#\/schema\/person\/8e4663858d80d3818ec0ed24e3927396","name":"alexandra.sans","image":{"@type":"ImageObject","inLanguage":"es","@id":"https:\/\/www.midea.es\/blog\/#\/schema\/person\/image\/","url":"https:\/\/secure.gravatar.com\/avatar\/62b5f042b698902bf691cfabc2ebadb8?s=96&d=mm&r=g","contentUrl":"https:\/\/secure.gravatar.com\/avatar\/62b5f042b698902bf691cfabc2ebadb8?s=96&d=mm&r=g","caption":"alexandra.sans"}}]}},"_links":{"self":[{"href":"https:\/\/www.midea.es\/blog\/wp-json\/wp\/v2\/posts\/1199"}],"collection":[{"href":"https:\/\/www.midea.es\/blog\/wp-json\/wp\/v2\/posts"}],"about":[{"href":"https:\/\/www.midea.es\/blog\/wp-json\/wp\/v2\/types\/post"}],"author":[{"embeddable":true,"href":"https:\/\/www.midea.es\/blog\/wp-json\/wp\/v2\/users\/3"}],"replies":[{"embeddable":true,"href":"https:\/\/www.midea.es\/blog\/wp-json\/wp\/v2\/comments?post=1199"}],"version-history":[{"count":1,"href":"https:\/\/www.midea.es\/blog\/wp-json\/wp\/v2\/posts\/1199\/revisions"}],"predecessor-version":[{"id":1201,"href":"https:\/\/www.midea.es\/blog\/wp-json\/wp\/v2\/posts\/1199\/revisions\/1201"}],"wp:featuredmedia":[{"embeddable":true,"href":"https:\/\/www.midea.es\/blog\/wp-json\/wp\/v2\/media\/1202"}],"wp:attachment":[{"href":"https:\/\/www.midea.es\/blog\/wp-json\/wp\/v2\/media?parent=1199"}],"wp:term":[{"taxonomy":"category","embeddable":true,"href":"https:\/\/www.midea.es\/blog\/wp-json\/wp\/v2\/categories?post=1199"},{"taxonomy":"post_tag","embeddable":true,"href":"https:\/\/www.midea.es\/blog\/wp-json\/wp\/v2\/tags?post=1199"}],"curies":[{"name":"wp","href":"https:\/\/api.w.org\/{rel}","templated":true}]}}