{"id":185,"date":"2018-08-29T09:55:51","date_gmt":"2018-08-29T07:55:51","guid":{"rendered":"https:\/\/midea.es\/blog\/?p=185"},"modified":"2020-12-01T16:33:41","modified_gmt":"2020-12-01T15:33:41","slug":"cuanto-puedes-ahorrar-con-el-modo-economic-de-tu-aire-acondicionado-midea","status":"publish","type":"post","link":"https:\/\/www.midea.es\/blog\/cuanto-puedes-ahorrar-con-el-modo-economic-de-tu-aire-acondicionado-midea\/","title":{"rendered":"\u00bfCu\u00e1nto puedes ahorrar con el Modo Economic de tu aire acondicionado Midea?"},"content":{"rendered":"<p><span>Como puedes ver en nuestro an\u00e1lisis del <\/span><span>consumo mensual de un aire acondicionado tipo<\/span><span>, <strong>la factura de la luz mensual al tener un sistema de aire acondicionado de dos splits (sal\u00f3n y habitaci\u00f3n, por ejemplo) puede rondar los 47\u20ac<\/strong> en funcionamiento normal.<\/span><\/p>\n<p><span>Todos los modelos de aires acondicionados de Midea cuentan con certificaci\u00f3n energ\u00e9tica entre A++ y A+++, y adem\u00e1s cuentan con uno de los mejores modos de ahorro de energ\u00eda del mercado. Vamos a poner a prueba su modo ahorro de energ\u00eda, el Modo Economic, para ver <\/span><b>cu\u00e1nto te puedes ahorrar con el Modo Economic de Midea<\/b><span>.<\/span><\/p>\n<p><span>El ahorro de energ\u00eda que consigue Midea con el Modo Economic viene de un <strong>ajuste autom\u00e1tico de la potencia mediante una ligera elevaci\u00f3n de la temperatura consigna<\/strong> (la que estableces con el mando para conseguir en la habitaci\u00f3n). Salvo en situaciones muy concretas de calor intenso, una diferencia de dos grados en la temperatura de la habitaci\u00f3n no afecta a la confortabilidad de la estancia. Y, sin embargo, s\u00ed que puede suponer un ahorro importante de consumo.<\/span><\/p>\n<p><span>Pongamos <strong>un ejemplo<\/strong>: una noche de verano, con una temperatura exterior e interior de 30\u00baC, dos familias deciden activar el aire acondicionado para dormir mejor. Ambos tienen un Midea Mission 35 en el dormitorio y seleccionan una temperatura consigna de 24\u00baC. Sin embargo, los Garc\u00eda activan el Modo Economic, y los Su\u00e1rez no.<\/span><\/p>\n<p><span>Al d\u00eda siguiente, ambos abren su aplicaci\u00f3n de Midea para comprobar el consumo, y el resultado es el siguiente: en la misma noche de 8 horas, el aire acondicionado de los Garc\u00eda consumi\u00f3 2,15 kW, mientras que el de los Su\u00e1rez consumi\u00f3 5,31 kW. Es decir, <\/span><b>el Modo Economic supuso un ahorro de un 60% de energ\u00eda<\/b><span>. <\/span><\/p>\n<p><span>Esto significa que, calculando con el coste de la energ\u00eda (m\u00e1s IVA e Impuesto de la Energ\u00eda), los Garc\u00eda pagaron esa noche 0,39\u20ac, pero los Su\u00e1rez 0,97\u20ac. Solo activando el Modo Economic por las noches en el aparato de su habitaci\u00f3n, a final de mes los Garc\u00eda <\/span><b>habr\u00e1n ahorrado m\u00e1s de 17\u20ac en la factura de la luz<\/b><span>*.<\/span><\/p>\n<p><span>En conclusi\u00f3n, podemos afirmar que, gracias al Modo Economic de Midea puedes disfrutar una climatizaci\u00f3n confortable con <strong>un significante ahorro energ\u00e9tico de hasta el 60%<\/strong>*. <\/span><\/p>\n<p><span>* C\u00e1lculo hecho sobre Midea Mission 35(12)N1 en Modo Economic con unas condiciones de funcionamiento concretas. Precio utilizado para el c\u00e1lculo: 0,143721 Eur\/kWh (incluye el impuesto de electricidad 5.11269632% y el IVA 21%).<\/span><\/p>\n","protected":false},"excerpt":{"rendered":"<p>Como puedes ver en nuestro an\u00e1lisis del consumo mensual de un aire acondicionado tipo, la factura de la luz mensual al tener un sistema de aire acondicionado de dos splits (sal\u00f3n y habitaci\u00f3n, por ejemplo) puede rondar los 47\u20ac en funcionamiento normal. Todos los modelos de aires acondicionados de Midea cuentan con certificaci\u00f3n energ\u00e9tica entre [&hellip;]<\/p>\n","protected":false},"author":3,"featured_media":399,"comment_status":"open","ping_status":"open","sticky":false,"template":"","format":"standard","meta":[],"categories":[4],"tags":[],"acf":[],"yoast_head":"<!-- This site is optimized with the Yoast SEO plugin v19.13 - https:\/\/yoast.com\/wordpress\/plugins\/seo\/ -->\n<title>\u00bfCu\u00e1nto puedes ahorrar con el Modo Economic de tu aire acondicionado Midea? - Ideas Midea<\/title>\n<meta name=\"description\" content=\"Como puedes ver en nuestro an\u00e1lisis del consumo mensual de un aire acondicionado tipo, la factura de la luz mensual al tener un sistema de aire\" \/>\n<meta name=\"robots\" content=\"index, follow, max-snippet:-1, max-image-preview:large, max-video-preview:-1\" \/>\n<link rel=\"canonical\" href=\"https:\/\/www.midea.es\/blog\/cuanto-puedes-ahorrar-con-el-modo-economic-de-tu-aire-acondicionado-midea\/\" \/>\n<meta property=\"og:locale\" content=\"es_ES\" \/>\n<meta property=\"og:type\" content=\"article\" \/>\n<meta property=\"og:title\" content=\"\u00bfCu\u00e1nto puedes ahorrar con el Modo Economic de tu aire acondicionado Midea? - Ideas Midea\" \/>\n<meta property=\"og:description\" content=\"Como puedes ver en nuestro an\u00e1lisis del consumo mensual de un aire acondicionado tipo, la factura de la luz mensual al tener un sistema de aire\" \/>\n<meta property=\"og:url\" content=\"https:\/\/www.midea.es\/blog\/cuanto-puedes-ahorrar-con-el-modo-economic-de-tu-aire-acondicionado-midea\/\" \/>\n<meta property=\"og:site_name\" content=\"Ideas Midea\" \/>\n<meta property=\"article:published_time\" content=\"2018-08-29T07:55:51+00:00\" \/>\n<meta property=\"article:modified_time\" content=\"2020-12-01T15:33:41+00:00\" \/>\n<meta property=\"og:image\" content=\"https:\/\/www.midea.es\/blog\/wp-content\/uploads\/2019\/02\/MIDEA_salon_version_11.png\" \/>\n\t<meta property=\"og:image:width\" content=\"2000\" \/>\n\t<meta property=\"og:image:height\" content=\"412\" \/>\n\t<meta property=\"og:image:type\" content=\"image\/png\" \/>\n<meta name=\"author\" content=\"alexandra.sans\" \/>\n<meta name=\"twitter:card\" content=\"summary_large_image\" \/>\n<meta name=\"twitter:label1\" content=\"Escrito por\" \/>\n\t<meta name=\"twitter:data1\" content=\"alexandra.sans\" \/>\n\t<meta name=\"twitter:label2\" content=\"Tiempo de lectura\" \/>\n\t<meta name=\"twitter:data2\" content=\"2 minutos\" \/>\n<script type=\"application\/ld+json\" class=\"yoast-schema-graph\">{\"@context\":\"https:\/\/schema.org\",\"@graph\":[{\"@type\":\"WebPage\",\"@id\":\"https:\/\/www.midea.es\/blog\/cuanto-puedes-ahorrar-con-el-modo-economic-de-tu-aire-acondicionado-midea\/\",\"url\":\"https:\/\/www.midea.es\/blog\/cuanto-puedes-ahorrar-con-el-modo-economic-de-tu-aire-acondicionado-midea\/\",\"name\":\"\u00bfCu\u00e1nto puedes ahorrar con el Modo Economic de tu aire acondicionado Midea? - Ideas Midea\",\"isPartOf\":{\"@id\":\"https:\/\/www.midea.es\/blog\/#website\"},\"datePublished\":\"2018-08-29T07:55:51+00:00\",\"dateModified\":\"2020-12-01T15:33:41+00:00\",\"author\":{\"@id\":\"https:\/\/www.midea.es\/blog\/#\/schema\/person\/8e4663858d80d3818ec0ed24e3927396\"},\"description\":\"Como puedes ver en nuestro an\u00e1lisis del consumo mensual de un aire acondicionado tipo, la factura de la luz mensual al tener un sistema de aire\",\"breadcrumb\":{\"@id\":\"https:\/\/www.midea.es\/blog\/cuanto-puedes-ahorrar-con-el-modo-economic-de-tu-aire-acondicionado-midea\/#breadcrumb\"},\"inLanguage\":\"es\",\"potentialAction\":[{\"@type\":\"ReadAction\",\"target\":[\"https:\/\/www.midea.es\/blog\/cuanto-puedes-ahorrar-con-el-modo-economic-de-tu-aire-acondicionado-midea\/\"]}]},{\"@type\":\"BreadcrumbList\",\"@id\":\"https:\/\/www.midea.es\/blog\/cuanto-puedes-ahorrar-con-el-modo-economic-de-tu-aire-acondicionado-midea\/#breadcrumb\",\"itemListElement\":[{\"@type\":\"ListItem\",\"position\":1,\"name\":\"Portada\",\"item\":\"https:\/\/www.midea.es\/blog\/\"},{\"@type\":\"ListItem\",\"position\":2,\"name\":\"\u00bfCu\u00e1nto puedes ahorrar con el Modo Economic de tu aire acondicionado Midea?\"}]},{\"@type\":\"WebSite\",\"@id\":\"https:\/\/www.midea.es\/blog\/#website\",\"url\":\"https:\/\/www.midea.es\/blog\/\",\"name\":\"Ideas Midea\",\"description\":\"Tratamiento de aire\",\"potentialAction\":[{\"@type\":\"SearchAction\",\"target\":{\"@type\":\"EntryPoint\",\"urlTemplate\":\"https:\/\/www.midea.es\/blog\/?s={search_term_string}\"},\"query-input\":\"required name=search_term_string\"}],\"inLanguage\":\"es\"},{\"@type\":\"Person\",\"@id\":\"https:\/\/www.midea.es\/blog\/#\/schema\/person\/8e4663858d80d3818ec0ed24e3927396\",\"name\":\"alexandra.sans\",\"image\":{\"@type\":\"ImageObject\",\"inLanguage\":\"es\",\"@id\":\"https:\/\/www.midea.es\/blog\/#\/schema\/person\/image\/\",\"url\":\"https:\/\/secure.gravatar.com\/avatar\/62b5f042b698902bf691cfabc2ebadb8?s=96&d=mm&r=g\",\"contentUrl\":\"https:\/\/secure.gravatar.com\/avatar\/62b5f042b698902bf691cfabc2ebadb8?s=96&d=mm&r=g\",\"caption\":\"alexandra.sans\"}}]}<\/script>\n<!-- \/ Yoast SEO plugin. -->","yoast_head_json":{"title":"\u00bfCu\u00e1nto puedes ahorrar con el Modo Economic de tu aire acondicionado Midea? - Ideas Midea","description":"Como puedes ver en nuestro an\u00e1lisis del consumo mensual de un aire acondicionado tipo, la factura de la luz mensual al tener un sistema de aire","robots":{"index":"index","follow":"follow","max-snippet":"max-snippet:-1","max-image-preview":"max-image-preview:large","max-video-preview":"max-video-preview:-1"},"canonical":"https:\/\/www.midea.es\/blog\/cuanto-puedes-ahorrar-con-el-modo-economic-de-tu-aire-acondicionado-midea\/","og_locale":"es_ES","og_type":"article","og_title":"\u00bfCu\u00e1nto puedes ahorrar con el Modo Economic de tu aire acondicionado Midea? - Ideas Midea","og_description":"Como puedes ver en nuestro an\u00e1lisis del consumo mensual de un aire acondicionado tipo, la factura de la luz mensual al tener un sistema de aire","og_url":"https:\/\/www.midea.es\/blog\/cuanto-puedes-ahorrar-con-el-modo-economic-de-tu-aire-acondicionado-midea\/","og_site_name":"Ideas Midea","article_published_time":"2018-08-29T07:55:51+00:00","article_modified_time":"2020-12-01T15:33:41+00:00","og_image":[{"width":2000,"height":412,"url":"https:\/\/www.midea.es\/blog\/wp-content\/uploads\/2019\/02\/MIDEA_salon_version_11.png","type":"image\/png"}],"author":"alexandra.sans","twitter_card":"summary_large_image","twitter_misc":{"Escrito por":"alexandra.sans","Tiempo de lectura":"2 minutos"},"schema":{"@context":"https:\/\/schema.org","@graph":[{"@type":"WebPage","@id":"https:\/\/www.midea.es\/blog\/cuanto-puedes-ahorrar-con-el-modo-economic-de-tu-aire-acondicionado-midea\/","url":"https:\/\/www.midea.es\/blog\/cuanto-puedes-ahorrar-con-el-modo-economic-de-tu-aire-acondicionado-midea\/","name":"\u00bfCu\u00e1nto puedes ahorrar con el Modo Economic de tu aire acondicionado Midea? - Ideas Midea","isPartOf":{"@id":"https:\/\/www.midea.es\/blog\/#website"},"datePublished":"2018-08-29T07:55:51+00:00","dateModified":"2020-12-01T15:33:41+00:00","author":{"@id":"https:\/\/www.midea.es\/blog\/#\/schema\/person\/8e4663858d80d3818ec0ed24e3927396"},"description":"Como puedes ver en nuestro an\u00e1lisis del consumo mensual de un aire acondicionado tipo, la factura de la luz mensual al tener un sistema de aire","breadcrumb":{"@id":"https:\/\/www.midea.es\/blog\/cuanto-puedes-ahorrar-con-el-modo-economic-de-tu-aire-acondicionado-midea\/#breadcrumb"},"inLanguage":"es","potentialAction":[{"@type":"ReadAction","target":["https:\/\/www.midea.es\/blog\/cuanto-puedes-ahorrar-con-el-modo-economic-de-tu-aire-acondicionado-midea\/"]}]},{"@type":"BreadcrumbList","@id":"https:\/\/www.midea.es\/blog\/cuanto-puedes-ahorrar-con-el-modo-economic-de-tu-aire-acondicionado-midea\/#breadcrumb","itemListElement":[{"@type":"ListItem","position":1,"name":"Portada","item":"https:\/\/www.midea.es\/blog\/"},{"@type":"ListItem","position":2,"name":"\u00bfCu\u00e1nto puedes ahorrar con el Modo Economic de tu aire acondicionado Midea?"}]},{"@type":"WebSite","@id":"https:\/\/www.midea.es\/blog\/#website","url":"https:\/\/www.midea.es\/blog\/","name":"Ideas Midea","description":"Tratamiento de aire","potentialAction":[{"@type":"SearchAction","target":{"@type":"EntryPoint","urlTemplate":"https:\/\/www.midea.es\/blog\/?s={search_term_string}"},"query-input":"required name=search_term_string"}],"inLanguage":"es"},{"@type":"Person","@id":"https:\/\/www.midea.es\/blog\/#\/schema\/person\/8e4663858d80d3818ec0ed24e3927396","name":"alexandra.sans","image":{"@type":"ImageObject","inLanguage":"es","@id":"https:\/\/www.midea.es\/blog\/#\/schema\/person\/image\/","url":"https:\/\/secure.gravatar.com\/avatar\/62b5f042b698902bf691cfabc2ebadb8?s=96&d=mm&r=g","contentUrl":"https:\/\/secure.gravatar.com\/avatar\/62b5f042b698902bf691cfabc2ebadb8?s=96&d=mm&r=g","caption":"alexandra.sans"}}]}},"_links":{"self":[{"href":"https:\/\/www.midea.es\/blog\/wp-json\/wp\/v2\/posts\/185"}],"collection":[{"href":"https:\/\/www.midea.es\/blog\/wp-json\/wp\/v2\/posts"}],"about":[{"href":"https:\/\/www.midea.es\/blog\/wp-json\/wp\/v2\/types\/post"}],"author":[{"embeddable":true,"href":"https:\/\/www.midea.es\/blog\/wp-json\/wp\/v2\/users\/3"}],"replies":[{"embeddable":true,"href":"https:\/\/www.midea.es\/blog\/wp-json\/wp\/v2\/comments?post=185"}],"version-history":[{"count":3,"href":"https:\/\/www.midea.es\/blog\/wp-json\/wp\/v2\/posts\/185\/revisions"}],"predecessor-version":[{"id":820,"href":"https:\/\/www.midea.es\/blog\/wp-json\/wp\/v2\/posts\/185\/revisions\/820"}],"wp:featuredmedia":[{"embeddable":true,"href":"https:\/\/www.midea.es\/blog\/wp-json\/wp\/v2\/media\/399"}],"wp:attachment":[{"href":"https:\/\/www.midea.es\/blog\/wp-json\/wp\/v2\/media?parent=185"}],"wp:term":[{"taxonomy":"category","embeddable":true,"href":"https:\/\/www.midea.es\/blog\/wp-json\/wp\/v2\/categories?post=185"},{"taxonomy":"post_tag","embeddable":true,"href":"https:\/\/www.midea.es\/blog\/wp-json\/wp\/v2\/tags?post=185"}],"curies":[{"name":"wp","href":"https:\/\/api.w.org\/{rel}","templated":true}]}}