{"id":554,"date":"2019-07-24T08:41:57","date_gmt":"2019-07-24T06:41:57","guid":{"rendered":"https:\/\/www.midea.es\/blog\/?p=554"},"modified":"2020-11-19T17:30:41","modified_gmt":"2020-11-19T16:30:41","slug":"comprar-un-aire-acondicionado-desmentimos-los-mitos","status":"publish","type":"post","link":"https:\/\/www.midea.es\/blog\/comprar-un-aire-acondicionado-desmentimos-los-mitos\/","title":{"rendered":"Comprar un aire acondicionado: \u00a1Desmentimos los mitos!"},"content":{"rendered":"<h1><span>Descubre los 6 mitos m\u00e1s t\u00edpicos sobre el aire acondicionado\u00a0<\/span><\/h1>\n<p><span>Es verano y el calor en tu casa es cada vez m\u00e1s agobiante&#8230; tu pareja est\u00e1 muy insistente con el tema de comprar un aire, pero t\u00fa est\u00e1s dudando por los mitos que corren sobre el aire acondicionado como por ejemplo, tener aire acondicionado disparar\u00e1 mi factura de la luz o es el mayor enemigo para los que sufrimos de alergias.\u00a0<\/span><\/p>\n<p><span>Tranquilo, en este art\u00edculo te contamos cu\u00e1les son los mitos m\u00e1s comunes sobre el uso del aire acondicionado, seg\u00fan un repaso que hemos hecho en nuestra comunidad en redes sociales y ahora \u00a1los desmentimos todos!\u00a0<\/span><\/p>\n<h1><b>Mito 1: <\/b><b>No quiero aire porque solo lo usar\u00eda en verano<\/b><\/h1>\n<p><span>Un cl\u00e1sico, no sabes <\/span><a href=\"https:\/\/www.midea.es\/blog\/cuanto-consume-un-aire-acondicionado-al-mes\/\"><b>cu\u00e1nto consume un aire acondicionado<\/b><\/a><span> y <\/span><span>te auto convences de que solo lo vas a usar durante los meses de m\u00e1s calor para as\u00ed, olvidarte de la idea.\u00a0<\/span><\/p>\n<p><span>Piensa que adem\u00e1s de usarlo en primavera y verano, los <strong>aires de <\/strong><\/span><strong>Midea<\/strong><span> cuentan con bomba de calor, as\u00ed que en invierno lo podr\u00e1s utilizar para calentar tu casa. \u00a1No tendr\u00e1s el split colocado como decoraci\u00f3n, sino que le sacar\u00e1s provecho todo el a\u00f1o!<\/span><\/p>\n<h1><b>Mito 2: <\/b><b>El aire acondicionado es ruidoso<\/b><\/h1>\n<p><span>Los aires antiguos s\u00ed que eran m\u00e1s ruidosos y molestaban un poco, pero el <\/span><b>ruido<\/b><span> de un equipo de \u00faltima generaci\u00f3n de <\/span><b>aire acondicionado<\/b><span> ni se nota. Los productos <\/span><b>Midea<\/b><span> cuentan con una funci\u00f3n llamada <\/span><i><span>Silence<\/span><\/i><span> que reduce la velocidad del ventilador para que el sonido de la unidad se haga imperceptible. \u00a1Olv\u00eddate del <\/span><b>ruido <\/b><span>del <\/span><b>aire acondicionado <\/b><span>y duerme tranquilo y fresquito!<\/span><\/p>\n<h1><b>Mito 3: El aire acondicionado gasta mucho<\/b><\/h1>\n<p><span>\u00bfA que conoces a mucha gente que tiene un aire instalado en casa y nunca lo encienden?<\/span><\/p>\n<p><span>Muchas personas no lo disfrutan porque no saben <\/span><b>cu\u00e1nto consume un aire acondicionado<\/b><span>. Los equipos de Midea disponen del <a href=\"https:\/\/www.midea.es\/bajo-consumo\/\">modo Economic<\/a>, una funci\u00f3n que te proporcionar\u00e1\u00a0<\/span><\/p>\n<p><span>hasta un 60% de <\/span><a href=\"https:\/\/www.midea.es\/bajo-consumo\/\"><span>ahorro de energ\u00eda<\/span><\/a><span>*. Para que te hagas una idea de cu\u00e1nto representa este ahorro, el consumo mensual medio de un aire acondicionado Midea es de 11,79\u20ac*. \u00bfVerdad que con estas cifras te apetece m\u00e1s disfrutar de un aire acondicionado?\u00a0<\/span><\/p>\n<h1><b>Mito 4: <\/b><b>El aire acondicionado me provoca sudoraci\u00f3n y mareos<\/b><\/h1>\n<p><span>Si has notado que el aire acondicionado te provoca malestar como sudoraci\u00f3n o mareos, eso es porque el equipo no est\u00e1 a la <\/span><b>temperatura ideal <\/b><span>que debe estar el<\/span><b> aire acondicionado en verano<\/b><span>. El cambio brusco entre la temperatura del interior y el exterior es lo que te provoca ese malestar. Desde <\/span><b>Midea<\/b><span> te recomendamos que la diferencia t\u00e9rmica entre el exterior y el interior no supere los 12\u00baC, as\u00ed tendr\u00e1s una sensaci\u00f3n m\u00e1s agradable a la hora de cambiar de ambientes.\u00a0<\/span><\/p>\n<h1><b>Mito 5: El aire acondicionado reseca el ambiente<\/b><\/h1>\n<p><span>Adem\u00e1s de tener en cuenta que la <\/span><b>temperatura ideal <\/b><span>del <\/span><b>aire acondicionado en verano<\/b><span> es de 24 grados aproximadamente, debes considerar que el aire puede resecar el ambiente si no se cuida la humedad de la estancia<\/span><b>. <\/b><span>Es por eso por lo que te recomendamos ventilar peri\u00f3dicamente las habitaciones y usar humidificadores. En caso de no disponer de uno puedes colocar recipientes con agua en la habitaci\u00f3n para evitar que la humedad descienda considerablemente.<\/span><\/p>\n<h1><b>Mito 6: El aire me provoca contracturas musculares<\/b><\/h1>\n<p><span>\u00bfAlguna vez has salido de una estancia con aire acondicionado con dolor en el cuello o en la espalda? Si el aire te ha provocado contracturas musculares, se debe a que el chorro de aire fr\u00edo estaba dirigido directamente hacia ti. Te recomendamos regular la posici\u00f3n de las lamas del aire para evitar que \u00e9ste te d\u00e9 directamente. Con el <\/span><b>sensor inteligente de los equipos Optimal de Midea,<\/b><span> podr\u00e1s hacer que el flujo de aire te evite o te siga, favoreciendo a tu m\u00e1ximo confort.\u00a0<\/span><\/p>\n<p><span>Ya conoces los seis mitos m\u00e1s t\u00edpicos que nos han comentado nuestros usuarios, ahora ya no tienes excusas como las <\/span><b>alergias <\/b><span>o el gasto elevado en electricidad. Desp\u00eddete del calor en casa y disfruta del m\u00e1ximo confort gracias al <\/span><b><a href=\"https:\/\/www.midea.es\/hogar\/\">aire acondicionado Midea<\/a>.<\/b><\/p>\n<p><span>* Testado en Midea Mission 35(12)N1, reducci\u00f3n de consumo el\u00e9ctrico 59,51% entre modo Economic y Autom\u00e1tico. La temperatura alcanzada en la habitaci\u00f3n en modo Economic es superior al modo Autom\u00e1tico.<\/span><\/p>\n","protected":false},"excerpt":{"rendered":"<p>Descubre los 6 mitos m\u00e1s t\u00edpicos sobre el aire acondicionado\u00a0 Es verano y el calor en tu casa es cada vez m\u00e1s agobiante&#8230; tu pareja est\u00e1 muy insistente con el tema de comprar un aire, pero t\u00fa est\u00e1s dudando por los mitos que corren sobre el aire acondicionado como por ejemplo, tener aire acondicionado disparar\u00e1 [&hellip;]<\/p>\n","protected":false},"author":1,"featured_media":570,"comment_status":"open","ping_status":"open","sticky":false,"template":"","format":"standard","meta":[],"categories":[3],"tags":[],"acf":[],"yoast_head":"<!-- This site is optimized with the Yoast SEO plugin v19.13 - https:\/\/yoast.com\/wordpress\/plugins\/seo\/ -->\n<title>Comprar un aire acondicionado: \u00a1Desmentimos los mitos! - Ideas Midea<\/title>\n<meta name=\"description\" content=\"Descubre los 6 mitos m\u00e1s t\u00edpicos sobre el aire acondicionado\u00a0 Es verano y el calor en tu casa es cada vez m\u00e1s agobiante... tu pareja est\u00e1 muy insistente Es verano y el calor en tu casa es cada vez m\u00e1s agobiante... tu pareja est\u00e1 muy insistente con el tema de comprar un aire, pero t\u00fa est\u00e1s dudando por los mitos que corren sobre el aire acondicionado como por ejemplo, tener aire acondicionado disparar\u00e1 mi factura de la luz o es el mayor enemigo para los que sufrimos de alergias.\" \/>\n<meta name=\"robots\" content=\"index, follow, max-snippet:-1, max-image-preview:large, max-video-preview:-1\" \/>\n<link rel=\"canonical\" href=\"https:\/\/www.midea.es\/blog\/comprar-un-aire-acondicionado-desmentimos-los-mitos\/\" \/>\n<meta property=\"og:locale\" content=\"es_ES\" \/>\n<meta property=\"og:type\" content=\"article\" \/>\n<meta property=\"og:title\" content=\"Comprar un aire acondicionado: \u00a1Desmentimos los mitos! - Ideas Midea\" \/>\n<meta property=\"og:description\" content=\"Descubre los 6 mitos m\u00e1s t\u00edpicos sobre el aire acondicionado\u00a0 Es verano y el calor en tu casa es cada vez m\u00e1s agobiante... tu pareja est\u00e1 muy insistente Es verano y el calor en tu casa es cada vez m\u00e1s agobiante... tu pareja est\u00e1 muy insistente con el tema de comprar un aire, pero t\u00fa est\u00e1s dudando por los mitos que corren sobre el aire acondicionado como por ejemplo, tener aire acondicionado disparar\u00e1 mi factura de la luz o es el mayor enemigo para los que sufrimos de alergias.\" \/>\n<meta property=\"og:url\" content=\"https:\/\/www.midea.es\/blog\/comprar-un-aire-acondicionado-desmentimos-los-mitos\/\" \/>\n<meta property=\"og:site_name\" content=\"Ideas Midea\" \/>\n<meta property=\"article:published_time\" content=\"2019-07-24T06:41:57+00:00\" \/>\n<meta property=\"article:modified_time\" content=\"2020-11-19T16:30:41+00:00\" \/>\n<meta property=\"og:image\" content=\"https:\/\/www.midea.es\/blog\/wp-content\/uploads\/2019\/07\/midea.png\" \/>\n\t<meta property=\"og:image:width\" content=\"1600\" \/>\n\t<meta property=\"og:image:height\" content=\"325\" \/>\n\t<meta property=\"og:image:type\" content=\"image\/png\" \/>\n<meta name=\"author\" content=\"onion.pablo\" \/>\n<meta name=\"twitter:card\" content=\"summary_large_image\" \/>\n<meta name=\"twitter:label1\" content=\"Escrito por\" \/>\n\t<meta name=\"twitter:data1\" content=\"onion.pablo\" \/>\n\t<meta name=\"twitter:label2\" content=\"Tiempo de lectura\" \/>\n\t<meta name=\"twitter:data2\" content=\"4 minutos\" \/>\n<script type=\"application\/ld+json\" class=\"yoast-schema-graph\">{\"@context\":\"https:\/\/schema.org\",\"@graph\":[{\"@type\":\"WebPage\",\"@id\":\"https:\/\/www.midea.es\/blog\/comprar-un-aire-acondicionado-desmentimos-los-mitos\/\",\"url\":\"https:\/\/www.midea.es\/blog\/comprar-un-aire-acondicionado-desmentimos-los-mitos\/\",\"name\":\"Comprar un aire acondicionado: \u00a1Desmentimos los mitos! - Ideas Midea\",\"isPartOf\":{\"@id\":\"https:\/\/www.midea.es\/blog\/#website\"},\"datePublished\":\"2019-07-24T06:41:57+00:00\",\"dateModified\":\"2020-11-19T16:30:41+00:00\",\"author\":{\"@id\":\"https:\/\/www.midea.es\/blog\/#\/schema\/person\/0a161a449905b334c5c1626350ba07d7\"},\"description\":\"Descubre los 6 mitos m\u00e1s t\u00edpicos sobre el aire acondicionado\u00a0 Es verano y el calor en tu casa es cada vez m\u00e1s agobiante... tu pareja est\u00e1 muy insistente Es verano y el calor en tu casa es cada vez m\u00e1s agobiante... tu pareja est\u00e1 muy insistente con el tema de comprar un aire, pero t\u00fa est\u00e1s dudando por los mitos que corren sobre el aire acondicionado como por ejemplo, tener aire acondicionado disparar\u00e1 mi factura de la luz o es el mayor enemigo para los que sufrimos de alergias.\",\"breadcrumb\":{\"@id\":\"https:\/\/www.midea.es\/blog\/comprar-un-aire-acondicionado-desmentimos-los-mitos\/#breadcrumb\"},\"inLanguage\":\"es\",\"potentialAction\":[{\"@type\":\"ReadAction\",\"target\":[\"https:\/\/www.midea.es\/blog\/comprar-un-aire-acondicionado-desmentimos-los-mitos\/\"]}]},{\"@type\":\"BreadcrumbList\",\"@id\":\"https:\/\/www.midea.es\/blog\/comprar-un-aire-acondicionado-desmentimos-los-mitos\/#breadcrumb\",\"itemListElement\":[{\"@type\":\"ListItem\",\"position\":1,\"name\":\"Portada\",\"item\":\"https:\/\/www.midea.es\/blog\/\"},{\"@type\":\"ListItem\",\"position\":2,\"name\":\"Comprar un aire acondicionado: \u00a1Desmentimos los mitos!\"}]},{\"@type\":\"WebSite\",\"@id\":\"https:\/\/www.midea.es\/blog\/#website\",\"url\":\"https:\/\/www.midea.es\/blog\/\",\"name\":\"Ideas Midea\",\"description\":\"Tratamiento de aire\",\"potentialAction\":[{\"@type\":\"SearchAction\",\"target\":{\"@type\":\"EntryPoint\",\"urlTemplate\":\"https:\/\/www.midea.es\/blog\/?s={search_term_string}\"},\"query-input\":\"required name=search_term_string\"}],\"inLanguage\":\"es\"},{\"@type\":\"Person\",\"@id\":\"https:\/\/www.midea.es\/blog\/#\/schema\/person\/0a161a449905b334c5c1626350ba07d7\",\"name\":\"onion.pablo\",\"image\":{\"@type\":\"ImageObject\",\"inLanguage\":\"es\",\"@id\":\"https:\/\/www.midea.es\/blog\/#\/schema\/person\/image\/\",\"url\":\"https:\/\/secure.gravatar.com\/avatar\/1f8d45fe25ffd670c180f4a6fbe1cb1c?s=96&d=mm&r=g\",\"contentUrl\":\"https:\/\/secure.gravatar.com\/avatar\/1f8d45fe25ffd670c180f4a6fbe1cb1c?s=96&d=mm&r=g\",\"caption\":\"onion.pablo\"}}]}<\/script>\n<!-- \/ Yoast SEO plugin. -->","yoast_head_json":{"title":"Comprar un aire acondicionado: \u00a1Desmentimos los mitos! - Ideas Midea","description":"Descubre los 6 mitos m\u00e1s t\u00edpicos sobre el aire acondicionado\u00a0 Es verano y el calor en tu casa es cada vez m\u00e1s agobiante... tu pareja est\u00e1 muy insistente Es verano y el calor en tu casa es cada vez m\u00e1s agobiante... tu pareja est\u00e1 muy insistente con el tema de comprar un aire, pero t\u00fa est\u00e1s dudando por los mitos que corren sobre el aire acondicionado como por ejemplo, tener aire acondicionado disparar\u00e1 mi factura de la luz o es el mayor enemigo para los que sufrimos de alergias.","robots":{"index":"index","follow":"follow","max-snippet":"max-snippet:-1","max-image-preview":"max-image-preview:large","max-video-preview":"max-video-preview:-1"},"canonical":"https:\/\/www.midea.es\/blog\/comprar-un-aire-acondicionado-desmentimos-los-mitos\/","og_locale":"es_ES","og_type":"article","og_title":"Comprar un aire acondicionado: \u00a1Desmentimos los mitos! - Ideas Midea","og_description":"Descubre los 6 mitos m\u00e1s t\u00edpicos sobre el aire acondicionado\u00a0 Es verano y el calor en tu casa es cada vez m\u00e1s agobiante... tu pareja est\u00e1 muy insistente Es verano y el calor en tu casa es cada vez m\u00e1s agobiante... tu pareja est\u00e1 muy insistente con el tema de comprar un aire, pero t\u00fa est\u00e1s dudando por los mitos que corren sobre el aire acondicionado como por ejemplo, tener aire acondicionado disparar\u00e1 mi factura de la luz o es el mayor enemigo para los que sufrimos de alergias.","og_url":"https:\/\/www.midea.es\/blog\/comprar-un-aire-acondicionado-desmentimos-los-mitos\/","og_site_name":"Ideas Midea","article_published_time":"2019-07-24T06:41:57+00:00","article_modified_time":"2020-11-19T16:30:41+00:00","og_image":[{"width":1600,"height":325,"url":"https:\/\/www.midea.es\/blog\/wp-content\/uploads\/2019\/07\/midea.png","type":"image\/png"}],"author":"onion.pablo","twitter_card":"summary_large_image","twitter_misc":{"Escrito por":"onion.pablo","Tiempo de lectura":"4 minutos"},"schema":{"@context":"https:\/\/schema.org","@graph":[{"@type":"WebPage","@id":"https:\/\/www.midea.es\/blog\/comprar-un-aire-acondicionado-desmentimos-los-mitos\/","url":"https:\/\/www.midea.es\/blog\/comprar-un-aire-acondicionado-desmentimos-los-mitos\/","name":"Comprar un aire acondicionado: \u00a1Desmentimos los mitos! - Ideas Midea","isPartOf":{"@id":"https:\/\/www.midea.es\/blog\/#website"},"datePublished":"2019-07-24T06:41:57+00:00","dateModified":"2020-11-19T16:30:41+00:00","author":{"@id":"https:\/\/www.midea.es\/blog\/#\/schema\/person\/0a161a449905b334c5c1626350ba07d7"},"description":"Descubre los 6 mitos m\u00e1s t\u00edpicos sobre el aire acondicionado\u00a0 Es verano y el calor en tu casa es cada vez m\u00e1s agobiante... tu pareja est\u00e1 muy insistente Es verano y el calor en tu casa es cada vez m\u00e1s agobiante... tu pareja est\u00e1 muy insistente con el tema de comprar un aire, pero t\u00fa est\u00e1s dudando por los mitos que corren sobre el aire acondicionado como por ejemplo, tener aire acondicionado disparar\u00e1 mi factura de la luz o es el mayor enemigo para los que sufrimos de alergias.","breadcrumb":{"@id":"https:\/\/www.midea.es\/blog\/comprar-un-aire-acondicionado-desmentimos-los-mitos\/#breadcrumb"},"inLanguage":"es","potentialAction":[{"@type":"ReadAction","target":["https:\/\/www.midea.es\/blog\/comprar-un-aire-acondicionado-desmentimos-los-mitos\/"]}]},{"@type":"BreadcrumbList","@id":"https:\/\/www.midea.es\/blog\/comprar-un-aire-acondicionado-desmentimos-los-mitos\/#breadcrumb","itemListElement":[{"@type":"ListItem","position":1,"name":"Portada","item":"https:\/\/www.midea.es\/blog\/"},{"@type":"ListItem","position":2,"name":"Comprar un aire acondicionado: \u00a1Desmentimos los mitos!"}]},{"@type":"WebSite","@id":"https:\/\/www.midea.es\/blog\/#website","url":"https:\/\/www.midea.es\/blog\/","name":"Ideas Midea","description":"Tratamiento de aire","potentialAction":[{"@type":"SearchAction","target":{"@type":"EntryPoint","urlTemplate":"https:\/\/www.midea.es\/blog\/?s={search_term_string}"},"query-input":"required name=search_term_string"}],"inLanguage":"es"},{"@type":"Person","@id":"https:\/\/www.midea.es\/blog\/#\/schema\/person\/0a161a449905b334c5c1626350ba07d7","name":"onion.pablo","image":{"@type":"ImageObject","inLanguage":"es","@id":"https:\/\/www.midea.es\/blog\/#\/schema\/person\/image\/","url":"https:\/\/secure.gravatar.com\/avatar\/1f8d45fe25ffd670c180f4a6fbe1cb1c?s=96&d=mm&r=g","contentUrl":"https:\/\/secure.gravatar.com\/avatar\/1f8d45fe25ffd670c180f4a6fbe1cb1c?s=96&d=mm&r=g","caption":"onion.pablo"}}]}},"_links":{"self":[{"href":"https:\/\/www.midea.es\/blog\/wp-json\/wp\/v2\/posts\/554"}],"collection":[{"href":"https:\/\/www.midea.es\/blog\/wp-json\/wp\/v2\/posts"}],"about":[{"href":"https:\/\/www.midea.es\/blog\/wp-json\/wp\/v2\/types\/post"}],"author":[{"embeddable":true,"href":"https:\/\/www.midea.es\/blog\/wp-json\/wp\/v2\/users\/1"}],"replies":[{"embeddable":true,"href":"https:\/\/www.midea.es\/blog\/wp-json\/wp\/v2\/comments?post=554"}],"version-history":[{"count":7,"href":"https:\/\/www.midea.es\/blog\/wp-json\/wp\/v2\/posts\/554\/revisions"}],"predecessor-version":[{"id":768,"href":"https:\/\/www.midea.es\/blog\/wp-json\/wp\/v2\/posts\/554\/revisions\/768"}],"wp:featuredmedia":[{"embeddable":true,"href":"https:\/\/www.midea.es\/blog\/wp-json\/wp\/v2\/media\/570"}],"wp:attachment":[{"href":"https:\/\/www.midea.es\/blog\/wp-json\/wp\/v2\/media?parent=554"}],"wp:term":[{"taxonomy":"category","embeddable":true,"href":"https:\/\/www.midea.es\/blog\/wp-json\/wp\/v2\/categories?post=554"},{"taxonomy":"post_tag","embeddable":true,"href":"https:\/\/www.midea.es\/blog\/wp-json\/wp\/v2\/tags?post=554"}],"curies":[{"name":"wp","href":"https:\/\/api.w.org\/{rel}","templated":true}]}}