{"id":64,"date":"2018-02-14T13:06:26","date_gmt":"2018-02-14T12:06:26","guid":{"rendered":"http:\/\/midea.helviox.net\/?p=64"},"modified":"2019-05-22T17:08:10","modified_gmt":"2019-05-22T15:08:10","slug":"y-despues-de-la-flecha","status":"publish","type":"post","link":"https:\/\/www.midea.es\/blog\/y-despues-de-la-flecha\/","title":{"rendered":"Y despu\u00e9s de la flecha\u2026"},"content":{"rendered":"<p>Por fin hab\u00e9is dado el paso. Despu\u00e9s de varias excursiones a Ikea para decidir los muebles perfectos para vuestra nueva casa, subir decenas de cajas por la escalera e ir a hacer la compra para llenar la nevera de provisiones, est\u00e1is preparados para empezar a vivir juntos.<\/p>\n<p>Ten\u00edais tantas ganas, llev\u00e1is tanto tiempo organiz\u00e1ndolo y al fin se ha hecho realidad. Pero os lo advertunis, no todo ser\u00e1 de pel\u00edcula. En Midea os traemos un recopilatorio de esas situaciones de pareja c\u00f3micas que se producen al comenzar a vivir juntos.<\/p>\n<p>Empiezan los despertares el uno al lado del otro, pero tambi\u00e9n las peleas por el n\u00f3rdico. Los abrazos a media noche seguidos de los codazos porque te has cogido todo su lado de la cama. Ver juntos esa serie que tanto os recomendaban y descubrir al volver del trabajo que tu pareja ha visto tres cap\u00edtulos sin ti.<\/p>\n<p>Las batallas por el control de la TV para decidir si ver OT o el partido de f\u00fatbol. Comienzan los debates para decidir qui\u00e9n se merece m\u00e1s el \u00faltimo trozo de pizza y que siempre acabe ganando el que ha sacado por \u00faltima vez la basura. Y encargar la pizza y no poneros de acuerdo en el sabor. Truco: las pizzas por mitades se inventaron para evitar rupturas.<\/p>\n<p>Comienza la conquista por el mando del aire acondicionado Midea porque t\u00fa est\u00e1s muerto de calor y tu pareja sigue sin querer encenderlo, la guerra de cosquillas donde siempre sale perdiendo el que las tiene en los pies y la decisi\u00f3n m\u00e1s dif\u00edcil del mundo: qu\u00e9 hacer de comer. Encontrar tu ropa interior te\u00f1ida de gris porque se ha colado en la lavadora con la ropa oscura \u2026y mil cosas m\u00e1s.<\/p>\n<p>Sabemos que la convivencia es dura pero tambi\u00e9n sabemos que juntos sois m\u00e1s felices que las perdices. Desde Midea os deseamos un Feliz San Valent\u00edn y os proponemos celebrar el amor los 365 d\u00edas del a\u00f1o.<\/p>\n","protected":false},"excerpt":{"rendered":"<p>Llev\u00e1is meses esperando el momento de vivir juntos, y ahora que ha llegado no todo es color de rosa por estos motivos<\/p>\n","protected":false},"author":3,"featured_media":65,"comment_status":"open","ping_status":"open","sticky":false,"template":"","format":"standard","meta":[],"categories":[5],"tags":[],"acf":[],"yoast_head":"<!-- This site is optimized with the Yoast SEO plugin v19.13 - https:\/\/yoast.com\/wordpress\/plugins\/seo\/ -->\n<title>Y despu\u00e9s de la flecha\u2026 - Ideas Midea<\/title>\n<meta name=\"description\" content=\"Llev\u00e1is meses esperando el momento de vivir juntos, y ahora que ha llegado no todo es color de rosa por estos motivos\" \/>\n<meta name=\"robots\" content=\"index, follow, max-snippet:-1, max-image-preview:large, max-video-preview:-1\" \/>\n<link rel=\"canonical\" href=\"https:\/\/www.midea.es\/blog\/y-despues-de-la-flecha\/\" \/>\n<meta property=\"og:locale\" content=\"es_ES\" \/>\n<meta property=\"og:type\" content=\"article\" \/>\n<meta property=\"og:title\" content=\"Y despu\u00e9s de la flecha\u2026 - Ideas Midea\" \/>\n<meta property=\"og:description\" content=\"Llev\u00e1is meses esperando el momento de vivir juntos, y ahora que ha llegado no todo es color de rosa por estos motivos\" \/>\n<meta property=\"og:url\" content=\"https:\/\/www.midea.es\/blog\/y-despues-de-la-flecha\/\" \/>\n<meta property=\"og:site_name\" content=\"Ideas Midea\" \/>\n<meta property=\"article:published_time\" content=\"2018-02-14T12:06:26+00:00\" \/>\n<meta property=\"article:modified_time\" content=\"2019-05-22T15:08:10+00:00\" \/>\n<meta property=\"og:image\" content=\"https:\/\/www.midea.es\/blog\/wp-content\/uploads\/2018\/07\/san_valentin.jpg\" \/>\n\t<meta property=\"og:image:width\" content=\"1600\" \/>\n\t<meta property=\"og:image:height\" content=\"325\" \/>\n\t<meta property=\"og:image:type\" content=\"image\/jpeg\" \/>\n<meta name=\"author\" content=\"alexandra.sans\" \/>\n<meta name=\"twitter:card\" content=\"summary_large_image\" \/>\n<meta name=\"twitter:label1\" content=\"Escrito por\" \/>\n\t<meta name=\"twitter:data1\" content=\"alexandra.sans\" \/>\n\t<meta name=\"twitter:label2\" content=\"Tiempo de lectura\" \/>\n\t<meta name=\"twitter:data2\" content=\"2 minutos\" \/>\n<script type=\"application\/ld+json\" class=\"yoast-schema-graph\">{\"@context\":\"https:\/\/schema.org\",\"@graph\":[{\"@type\":\"WebPage\",\"@id\":\"https:\/\/www.midea.es\/blog\/y-despues-de-la-flecha\/\",\"url\":\"https:\/\/www.midea.es\/blog\/y-despues-de-la-flecha\/\",\"name\":\"Y despu\u00e9s de la flecha\u2026 - Ideas Midea\",\"isPartOf\":{\"@id\":\"https:\/\/www.midea.es\/blog\/#website\"},\"datePublished\":\"2018-02-14T12:06:26+00:00\",\"dateModified\":\"2019-05-22T15:08:10+00:00\",\"author\":{\"@id\":\"https:\/\/www.midea.es\/blog\/#\/schema\/person\/8e4663858d80d3818ec0ed24e3927396\"},\"description\":\"Llev\u00e1is meses esperando el momento de vivir juntos, y ahora que ha llegado no todo es color de rosa por estos motivos\",\"breadcrumb\":{\"@id\":\"https:\/\/www.midea.es\/blog\/y-despues-de-la-flecha\/#breadcrumb\"},\"inLanguage\":\"es\",\"potentialAction\":[{\"@type\":\"ReadAction\",\"target\":[\"https:\/\/www.midea.es\/blog\/y-despues-de-la-flecha\/\"]}]},{\"@type\":\"BreadcrumbList\",\"@id\":\"https:\/\/www.midea.es\/blog\/y-despues-de-la-flecha\/#breadcrumb\",\"itemListElement\":[{\"@type\":\"ListItem\",\"position\":1,\"name\":\"Portada\",\"item\":\"https:\/\/www.midea.es\/blog\/\"},{\"@type\":\"ListItem\",\"position\":2,\"name\":\"Y despu\u00e9s de la flecha\u2026\"}]},{\"@type\":\"WebSite\",\"@id\":\"https:\/\/www.midea.es\/blog\/#website\",\"url\":\"https:\/\/www.midea.es\/blog\/\",\"name\":\"Ideas Midea\",\"description\":\"Tratamiento de aire\",\"potentialAction\":[{\"@type\":\"SearchAction\",\"target\":{\"@type\":\"EntryPoint\",\"urlTemplate\":\"https:\/\/www.midea.es\/blog\/?s={search_term_string}\"},\"query-input\":\"required name=search_term_string\"}],\"inLanguage\":\"es\"},{\"@type\":\"Person\",\"@id\":\"https:\/\/www.midea.es\/blog\/#\/schema\/person\/8e4663858d80d3818ec0ed24e3927396\",\"name\":\"alexandra.sans\",\"image\":{\"@type\":\"ImageObject\",\"inLanguage\":\"es\",\"@id\":\"https:\/\/www.midea.es\/blog\/#\/schema\/person\/image\/\",\"url\":\"https:\/\/secure.gravatar.com\/avatar\/62b5f042b698902bf691cfabc2ebadb8?s=96&d=mm&r=g\",\"contentUrl\":\"https:\/\/secure.gravatar.com\/avatar\/62b5f042b698902bf691cfabc2ebadb8?s=96&d=mm&r=g\",\"caption\":\"alexandra.sans\"}}]}<\/script>\n<!-- \/ Yoast SEO plugin. -->","yoast_head_json":{"title":"Y despu\u00e9s de la flecha\u2026 - Ideas Midea","description":"Llev\u00e1is meses esperando el momento de vivir juntos, y ahora que ha llegado no todo es color de rosa por estos motivos","robots":{"index":"index","follow":"follow","max-snippet":"max-snippet:-1","max-image-preview":"max-image-preview:large","max-video-preview":"max-video-preview:-1"},"canonical":"https:\/\/www.midea.es\/blog\/y-despues-de-la-flecha\/","og_locale":"es_ES","og_type":"article","og_title":"Y despu\u00e9s de la flecha\u2026 - Ideas Midea","og_description":"Llev\u00e1is meses esperando el momento de vivir juntos, y ahora que ha llegado no todo es color de rosa por estos motivos","og_url":"https:\/\/www.midea.es\/blog\/y-despues-de-la-flecha\/","og_site_name":"Ideas Midea","article_published_time":"2018-02-14T12:06:26+00:00","article_modified_time":"2019-05-22T15:08:10+00:00","og_image":[{"width":1600,"height":325,"url":"https:\/\/www.midea.es\/blog\/wp-content\/uploads\/2018\/07\/san_valentin.jpg","type":"image\/jpeg"}],"author":"alexandra.sans","twitter_card":"summary_large_image","twitter_misc":{"Escrito por":"alexandra.sans","Tiempo de lectura":"2 minutos"},"schema":{"@context":"https:\/\/schema.org","@graph":[{"@type":"WebPage","@id":"https:\/\/www.midea.es\/blog\/y-despues-de-la-flecha\/","url":"https:\/\/www.midea.es\/blog\/y-despues-de-la-flecha\/","name":"Y despu\u00e9s de la flecha\u2026 - Ideas Midea","isPartOf":{"@id":"https:\/\/www.midea.es\/blog\/#website"},"datePublished":"2018-02-14T12:06:26+00:00","dateModified":"2019-05-22T15:08:10+00:00","author":{"@id":"https:\/\/www.midea.es\/blog\/#\/schema\/person\/8e4663858d80d3818ec0ed24e3927396"},"description":"Llev\u00e1is meses esperando el momento de vivir juntos, y ahora que ha llegado no todo es color de rosa por estos motivos","breadcrumb":{"@id":"https:\/\/www.midea.es\/blog\/y-despues-de-la-flecha\/#breadcrumb"},"inLanguage":"es","potentialAction":[{"@type":"ReadAction","target":["https:\/\/www.midea.es\/blog\/y-despues-de-la-flecha\/"]}]},{"@type":"BreadcrumbList","@id":"https:\/\/www.midea.es\/blog\/y-despues-de-la-flecha\/#breadcrumb","itemListElement":[{"@type":"ListItem","position":1,"name":"Portada","item":"https:\/\/www.midea.es\/blog\/"},{"@type":"ListItem","position":2,"name":"Y despu\u00e9s de la flecha\u2026"}]},{"@type":"WebSite","@id":"https:\/\/www.midea.es\/blog\/#website","url":"https:\/\/www.midea.es\/blog\/","name":"Ideas Midea","description":"Tratamiento de aire","potentialAction":[{"@type":"SearchAction","target":{"@type":"EntryPoint","urlTemplate":"https:\/\/www.midea.es\/blog\/?s={search_term_string}"},"query-input":"required name=search_term_string"}],"inLanguage":"es"},{"@type":"Person","@id":"https:\/\/www.midea.es\/blog\/#\/schema\/person\/8e4663858d80d3818ec0ed24e3927396","name":"alexandra.sans","image":{"@type":"ImageObject","inLanguage":"es","@id":"https:\/\/www.midea.es\/blog\/#\/schema\/person\/image\/","url":"https:\/\/secure.gravatar.com\/avatar\/62b5f042b698902bf691cfabc2ebadb8?s=96&d=mm&r=g","contentUrl":"https:\/\/secure.gravatar.com\/avatar\/62b5f042b698902bf691cfabc2ebadb8?s=96&d=mm&r=g","caption":"alexandra.sans"}}]}},"_links":{"self":[{"href":"https:\/\/www.midea.es\/blog\/wp-json\/wp\/v2\/posts\/64"}],"collection":[{"href":"https:\/\/www.midea.es\/blog\/wp-json\/wp\/v2\/posts"}],"about":[{"href":"https:\/\/www.midea.es\/blog\/wp-json\/wp\/v2\/types\/post"}],"author":[{"embeddable":true,"href":"https:\/\/www.midea.es\/blog\/wp-json\/wp\/v2\/users\/3"}],"replies":[{"embeddable":true,"href":"https:\/\/www.midea.es\/blog\/wp-json\/wp\/v2\/comments?post=64"}],"version-history":[{"count":4,"href":"https:\/\/www.midea.es\/blog\/wp-json\/wp\/v2\/posts\/64\/revisions"}],"predecessor-version":[{"id":122,"href":"https:\/\/www.midea.es\/blog\/wp-json\/wp\/v2\/posts\/64\/revisions\/122"}],"wp:featuredmedia":[{"embeddable":true,"href":"https:\/\/www.midea.es\/blog\/wp-json\/wp\/v2\/media\/65"}],"wp:attachment":[{"href":"https:\/\/www.midea.es\/blog\/wp-json\/wp\/v2\/media?parent=64"}],"wp:term":[{"taxonomy":"category","embeddable":true,"href":"https:\/\/www.midea.es\/blog\/wp-json\/wp\/v2\/categories?post=64"},{"taxonomy":"post_tag","embeddable":true,"href":"https:\/\/www.midea.es\/blog\/wp-json\/wp\/v2\/tags?post=64"}],"curies":[{"name":"wp","href":"https:\/\/api.w.org\/{rel}","templated":true}]}}